{"id":987528773,"date":"2024-05-16T12:21:45","date_gmt":"2024-05-16T10:21:45","guid":{"rendered":"https:\/\/www.auctavia.fr\/aucta21\/?p=987528773"},"modified":"2024-06-07T15:28:34","modified_gmt":"2024-06-07T13:28:34","slug":"festival-fabulleux","status":"publish","type":"post","link":"https:\/\/www.auctavia.fr\/aucta21\/2024\/05\/16\/festival-fabulleux\/","title":{"rendered":"Festival Fa&rsquo;bull&rsquo;eux"},"content":{"rendered":"<p>[et_pb_section fb_built=\u00a0\u00bb1&Prime; _builder_version=\u00a0\u00bb4.16&Prime; global_colors_info=\u00a0\u00bb{}\u00a0\u00bb theme_builder_area=\u00a0\u00bbpost_content\u00a0\u00bb][et_pb_row _builder_version=\u00a0\u00bb4.16&Prime; background_size=\u00a0\u00bbinitial\u00a0\u00bb background_position=\u00a0\u00bbtop_left\u00a0\u00bb background_repeat=\u00a0\u00bbrepeat\u00a0\u00bb global_colors_info=\u00a0\u00bb{}\u00a0\u00bb theme_builder_area=\u00a0\u00bbpost_content\u00a0\u00bb][et_pb_column type=\u00a0\u00bb4_4&Prime; _builder_version=\u00a0\u00bb4.16&Prime; custom_padding=\u00a0\u00bb|||\u00a0\u00bb global_colors_info=\u00a0\u00bb{}\u00a0\u00bb custom_padding__hover=\u00a0\u00bb|||\u00a0\u00bb theme_builder_area=\u00a0\u00bbpost_content\u00a0\u00bb][et_pb_text _builder_version=\u00a0\u00bb4.25.0&Prime; background_size=\u00a0\u00bbinitial\u00a0\u00bb background_position=\u00a0\u00bbtop_left\u00a0\u00bb background_repeat=\u00a0\u00bbrepeat\u00a0\u00bb hover_enabled=\u00a0\u00bb0&Prime; global_colors_info=\u00a0\u00bb{}\u00a0\u00bb theme_builder_area=\u00a0\u00bbpost_content\u00a0\u00bb sticky_enabled=\u00a0\u00bb0&Prime;]<\/p>\n<h2>Participez au festival Fa&rsquo;bull&rsquo;eux<\/h2>\n<p><strong>Le 8 juin 2024 de 13h00 \u00e0 18h00 au Parc Nature \u00e0 Hirsingue !<\/strong><br \/>Dans le doux murmure du vent et le chant des oiseaux, nous vous invitons \u00e0 un moment magique,<strong> le festival Fa&rsquo;bull&rsquo;eux, qui se tiendra le 8 juin de 13h00 \u00e0 18h00.<br \/><\/strong>Venez avec vos petits bouts de chou pour une f\u00eate en plein air, o\u00f9 la tendresse et la bienveillance seront \u00e0 l&rsquo;honneur.<\/p>\n<p><img loading=\"lazy\" decoding=\"async\" class=\"wp-image-987528776 alignnone \" style=\"display: block; margin-left: auto; margin-right: auto;\" src=\"https:\/\/www.auctavia.fr\/aucta21\/wp-content\/uploads\/2024\/05\/affiche-programme2.jpg\" alt=\"affiche spectacle FA'BULLEUX\" width=\"296\" height=\"307\" \/><\/p>\n<h3>Qui est Fa&rsquo;bull&rsquo;eux ?<\/h3>\n<p>C&rsquo;est notre ami imaginaire, doux et attentif, qui nous guide dans le monde de la petite enfance. Avec ses grandes oreilles, il \u00e9coute sans juger et avec son grand c\u0153ur, il accompagne chaque famille avec amour et bienveillance.<\/p>\n<p><strong>Ce que nous vous r\u00e9servons :<\/strong><\/p>\n<ul>\n<li>Des ateliers interactifs pour stimuler l&rsquo;imagination et la cr\u00e9ativit\u00e9.<\/li>\n<li>Des espaces de partage pour \u00e9changer trucs et astuces sur la parentalit\u00e9.<\/li>\n<li>Une connexion avec la nature essentielle pour nos enfants, parce que la nature, c&rsquo;est notre maison.<\/li>\n<\/ul>\n<h3>Relevez le d\u00e9fi famille !<\/h3>\n<p>Venez avec votre<strong> plus belle paire de lunettes fun<\/strong>, <strong>un accessoire rose et un dessin fait en famille repr\u00e9sentant votre Fa&rsquo;bull&rsquo;eux.<br \/><\/strong>Et pour finir en beaut\u00e9, <strong>ne manquez pas le concert de 17h00 \u00e0 18h00<\/strong> qui cl\u00f4turera le festival.<br \/>Laissez-vous emporter par la musique entra\u00eenante du groupe LAMUZIK &amp; CHARIVARIS.<\/p>\n<p>Qu&rsquo;il pleuve ou que le soleil brille, nous serons l\u00e0, avec des bottes de pluie ou des chapeaux de paille, pr\u00eats \u00e0 vous accueillir. Les \u00ab\u00a0bulles\u00a0\u00bb d&rsquo;activit\u00e9s vous attendent pour un apr\u00e8s-midi doux et joyeux.<\/p>\n<p><strong>Rejoignez-nous pour cette premi\u00e8re \u00e9ditio<\/strong>n et partageons ensemble des moments pr\u00e9cieux pour nos enfants et pour nous, les parents.<\/p>\n<p>\u00c0 tr\u00e8s vite, pour un c\u00e2lin sous les nuages ou dans la lumi\u00e8re du jour !<\/p>\n<p>[\/et_pb_text][et_pb_button button_url=\u00a0\u00bbhttps:\/\/www.auctavia.fr\/aucta21\/wp-content\/uploads\/2024\/05\/FaBullEux-Journal-Programme-festival-3.pdf\u00a0\u00bb button_text=\u00a0\u00bbT\u00e9l\u00e9charger le programme\u00a0\u00bb button_alignment=\u00a0\u00bbleft\u00a0\u00bb button_alignment_tablet=\u00a0\u00bbleft\u00a0\u00bb button_alignment_phone=\u00a0\u00bbcenter\u00a0\u00bb button_alignment_last_edited=\u00a0\u00bbon|phone\u00a0\u00bb _builder_version=\u00a0\u00bb4.25.0&Prime; _module_preset=\u00a0\u00bbdefault\u00a0\u00bb custom_button=\u00a0\u00bbon\u00a0\u00bb button_text_color=\u00a0\u00bb#FFFFFF\u00a0\u00bb button_bg_color=\u00a0\u00bbgcid-a9d8e14e-2f78-408a-a83c-506939196b52&Prime; button_border_width=\u00a0\u00bb0px\u00a0\u00bb button_border_radius=\u00a0\u00bb50px\u00a0\u00bb button_font=\u00a0\u00bbAnek Odia|||on|||||\u00a0\u00bb button_icon=\u00a0\u00bb&#x24;||divi||400&Prime; button_icon_color=\u00a0\u00bb#FFFFFF\u00a0\u00bb button_on_hover=\u00a0\u00bboff\u00a0\u00bb position_origin_a=\u00a0\u00bbbottom_center\u00a0\u00bb custom_padding=\u00a0\u00bb15px||10px||false|false\u00a0\u00bb button_text_size_tablet=\u00a0\u00bb\u00a0\u00bb button_text_size_phone=\u00a0\u00bb16px\u00a0\u00bb button_text_size_last_edited=\u00a0\u00bbon|phone\u00a0\u00bb locked=\u00a0\u00bboff\u00a0\u00bb global_colors_info=\u00a0\u00bb{%22gcid-a9d8e14e-2f78-408a-a83c-506939196b52%22:%91%22button_bg_color%22,%22button_text_color__hover%22,%22button_icon_color__hover%22%93,%22gcid-cb91e05a-a65b-4604-a848-3eebeb47b543%22:%91%22button_bg_color__hover%22%93}\u00a0\u00bb button_bg_color__hover_enabled=\u00a0\u00bbon|hover\u00a0\u00bb button_bg_color__hover=\u00a0\u00bb#c0d82f\u00a0\u00bb button_bg_enable_color__hover=\u00a0\u00bbon\u00a0\u00bb button_text_color__hover_enabled=\u00a0\u00bbon|hover\u00a0\u00bb button_text_color__hover=\u00a0\u00bb#006071&Prime; button_icon_color__hover_enabled=\u00a0\u00bbon|hover\u00a0\u00bb button_icon_color__hover=\u00a0\u00bb#006071&Prime; theme_builder_area=\u00a0\u00bbpost_content\u00a0\u00bb][\/et_pb_button][\/et_pb_column][\/et_pb_row][\/et_pb_section]<\/p>\n","protected":false},"excerpt":{"rendered":"<p>Participez au festival Fa&rsquo;bull&rsquo;eux<br \/>\nLe 8 juin 2024 de 13h00 \u00e0 18h00 au Parc Nature \u00e0 Hirsingue !<\/p>\n","protected":false},"author":1,"featured_media":987528780,"comment_status":"open","ping_status":"open","sticky":false,"template":"","format":"standard","meta":{"_acf_changed":false,"_et_pb_use_builder":"on","_et_pb_old_content":"<h2>Participez au festival Fa'bull'eux<\/h2><p><strong>Le 8 juin 2024 de 13h00 \u00e0 18h00 au Parc Nature \u00e0 Hirsingue !<\/strong><br \/>Dans le doux murmure du vent et le chant des oiseaux, nous vous invitons \u00e0 un moment magique,<strong> le festival Fa'bull'eux, qui se tiendra le 8 juin de 13h00 \u00e0 18h00.<br \/><\/strong>Venez avec vos petits bouts de chou pour une f\u00eate en plein air, o\u00f9 la tendresse et la bienveillance seront \u00e0 l'honneur.<\/p><h3>Qui est Fa'bull'eux ?<\/h3><p>C'est notre ami imaginaire, doux et attentif, qui nous guide dans le monde de la petite enfance. Avec ses grandes oreilles, il \u00e9coute sans juger et avec son grand c\u0153ur, il accompagne chaque famille avec amour et bienveillance.<\/p><p><strong>Ce que nous vous r\u00e9servons :<\/strong><\/p><ul><li>Des ateliers interactifs pour stimuler l'imagination et la cr\u00e9ativit\u00e9.<\/li><li>Des espaces de partage pour \u00e9changer trucs et astuces sur la parentalit\u00e9.<\/li><li>Une connexion avec la nature essentielle pour nos enfants, parce que la nature, c'est notre maison.<\/li><\/ul><h3>Relevez le d\u00e9fi famille !<\/h3><p>Venez avec votre<strong> plus belle paire de lunettes fun<\/strong>, <strong>un accessoire rose et un dessin fait en famille repr\u00e9sentant votre Fa'bull'eux.<br \/><\/strong>Et pour finir en beaut\u00e9, <strong>ne manquez pas le concert de 17h00 \u00e0 18h00<\/strong> qui cl\u00f4turera le festival. <br \/>Laissez-vous emporter par la musique entra\u00eenante du groupe LAMUZIK & CHARIVARIS.<\/p><p>Qu'il pleuve ou que le soleil brille, nous serons l\u00e0, avec des bottes de pluie ou des chapeaux de paille, pr\u00eats \u00e0 vous accueillir. Les \"bulles\" d'activit\u00e9s vous attendent pour un apr\u00e8s-midi doux et joyeux.<\/p><p><strong>Rejoignez-nous pour cette premi\u00e8re \u00e9ditio<\/strong>n et partageons ensemble des moments pr\u00e9cieux pour nos enfants et pour nous, les parents.<\/p><p>\u00c0 tr\u00e8s vite, pour un c\u00e2lin sous les nuages ou dans la lumi\u00e8re du jour !<\/p>","_et_gb_content_width":"","footnotes":""},"categories":[29],"tags":[],"class_list":["post-987528773","post","type-post","status-publish","format-standard","has-post-thumbnail","hentry","category-actualites"],"acf":[],"publishpress_future_action":{"enabled":false,"date":"2026-05-08 00:33:15","action":"change-status","newStatus":"draft","terms":[],"taxonomy":"category"},"_links":{"self":[{"href":"https:\/\/www.auctavia.fr\/aucta21\/wp-json\/wp\/v2\/posts\/987528773","targetHints":{"allow":["GET"]}}],"collection":[{"href":"https:\/\/www.auctavia.fr\/aucta21\/wp-json\/wp\/v2\/posts"}],"about":[{"href":"https:\/\/www.auctavia.fr\/aucta21\/wp-json\/wp\/v2\/types\/post"}],"author":[{"embeddable":true,"href":"https:\/\/www.auctavia.fr\/aucta21\/wp-json\/wp\/v2\/users\/1"}],"replies":[{"embeddable":true,"href":"https:\/\/www.auctavia.fr\/aucta21\/wp-json\/wp\/v2\/comments?post=987528773"}],"version-history":[{"count":11,"href":"https:\/\/www.auctavia.fr\/aucta21\/wp-json\/wp\/v2\/posts\/987528773\/revisions"}],"predecessor-version":[{"id":987528872,"href":"https:\/\/www.auctavia.fr\/aucta21\/wp-json\/wp\/v2\/posts\/987528773\/revisions\/987528872"}],"wp:featuredmedia":[{"embeddable":true,"href":"https:\/\/www.auctavia.fr\/aucta21\/wp-json\/wp\/v2\/media\/987528780"}],"wp:attachment":[{"href":"https:\/\/www.auctavia.fr\/aucta21\/wp-json\/wp\/v2\/media?parent=987528773"}],"wp:term":[{"taxonomy":"category","embeddable":true,"href":"https:\/\/www.auctavia.fr\/aucta21\/wp-json\/wp\/v2\/categories?post=987528773"},{"taxonomy":"post_tag","embeddable":true,"href":"https:\/\/www.auctavia.fr\/aucta21\/wp-json\/wp\/v2\/tags?post=987528773"}],"curies":[{"name":"wp","href":"https:\/\/api.w.org\/{rel}","templated":true}]}}