{"id":987528490,"date":"2024-05-06T15:52:54","date_gmt":"2024-05-06T13:52:54","guid":{"rendered":"https:\/\/www.auctavia.fr\/aucta21\/?p=987528490"},"modified":"2024-06-07T15:28:49","modified_gmt":"2024-06-07T13:28:49","slug":"inauguration-de-la-piste-dathletisme-intercommunale-a-altkirch","status":"publish","type":"post","link":"https:\/\/www.auctavia.fr\/aucta21\/2024\/05\/06\/inauguration-de-la-piste-dathletisme-intercommunale-a-altkirch\/","title":{"rendered":"Inauguration de la piste d\u2019athl\u00e9tisme intercommunale \u00e0 Altkirch"},"content":{"rendered":"<p><strong>Le 21 avril 2024<\/strong>, la CCS a inaugur\u00e9 <strong>sa nouvelle piste intercommunale d\u2019athl\u00e9tisme.<\/strong><br \/>\nL\u2019\u00e9v\u00e9nement a d\u00e9but\u00e9 par le traditionnel coup\u00e9 de ruban, r\u00e9alis\u00e9 sur la piste m\u00eame, symbolisant l\u2019ouverture officielle de l\u2019\u00e9v\u00e9nement sportif.<br \/>\nLa c\u00e9r\u00e9monie a donn\u00e9 le coup d\u2019envoi \u00e0 une course solidaire, <strong>rassemblant plus de 400 coureurs et marcheurs<\/strong> pour aider une association. Chaque kilom\u00e8tre parcouru se transformait en<strong> don pour \u201cLe Monde de Jeanne\u201d,<\/strong> qui \u0153uvre pour faciliter la vie des personnes Dys.<br \/>\nLa piste, enti\u00e8rement r\u00e9nov\u00e9e, promet d\u2019\u00eatre un lieu de rencontre pour les passionn\u00e9s de sport, mais aussi un espace ouvert au grand public pour leurs entrainements. Avec cette inauguration, la CCS fait un pas de plus vers la promotion d\u2019un mode de vie actif et solidaire.<\/p>\n","protected":false},"excerpt":{"rendered":"<p>Le 21 avril 2024, la CCS a inaugur\u00e9 sa nouvelle piste intercommunale d\u2019athl\u00e9tisme. L\u2019\u00e9v\u00e9nement a d\u00e9but\u00e9 par le traditionnel coup\u00e9 de ruban, r\u00e9alis\u00e9 sur la piste m\u00eame, symbolisant l\u2019ouverture officielle de l\u2019\u00e9v\u00e9nement sportif. La c\u00e9r\u00e9monie a donn\u00e9 le coup d\u2019envoi \u00e0 une course solidaire, rassemblant plus de 400 coureurs et marcheurs pour aider une association. [&hellip;]<\/p>\n","protected":false},"author":1,"featured_media":987528492,"comment_status":"open","ping_status":"open","sticky":false,"template":"","format":"standard","meta":{"_acf_changed":false,"_et_pb_use_builder":"off","_et_pb_old_content":"","_et_gb_content_width":"","footnotes":""},"categories":[29],"tags":[],"class_list":["post-987528490","post","type-post","status-publish","format-standard","has-post-thumbnail","hentry","category-actualites"],"acf":[],"publishpress_future_action":{"enabled":false,"date":"2026-05-08 00:33:16","action":"change-status","newStatus":"draft","terms":[],"taxonomy":"category"},"_links":{"self":[{"href":"https:\/\/www.auctavia.fr\/aucta21\/wp-json\/wp\/v2\/posts\/987528490","targetHints":{"allow":["GET"]}}],"collection":[{"href":"https:\/\/www.auctavia.fr\/aucta21\/wp-json\/wp\/v2\/posts"}],"about":[{"href":"https:\/\/www.auctavia.fr\/aucta21\/wp-json\/wp\/v2\/types\/post"}],"author":[{"embeddable":true,"href":"https:\/\/www.auctavia.fr\/aucta21\/wp-json\/wp\/v2\/users\/1"}],"replies":[{"embeddable":true,"href":"https:\/\/www.auctavia.fr\/aucta21\/wp-json\/wp\/v2\/comments?post=987528490"}],"version-history":[{"count":2,"href":"https:\/\/www.auctavia.fr\/aucta21\/wp-json\/wp\/v2\/posts\/987528490\/revisions"}],"predecessor-version":[{"id":987528493,"href":"https:\/\/www.auctavia.fr\/aucta21\/wp-json\/wp\/v2\/posts\/987528490\/revisions\/987528493"}],"wp:featuredmedia":[{"embeddable":true,"href":"https:\/\/www.auctavia.fr\/aucta21\/wp-json\/wp\/v2\/media\/987528492"}],"wp:attachment":[{"href":"https:\/\/www.auctavia.fr\/aucta21\/wp-json\/wp\/v2\/media?parent=987528490"}],"wp:term":[{"taxonomy":"category","embeddable":true,"href":"https:\/\/www.auctavia.fr\/aucta21\/wp-json\/wp\/v2\/categories?post=987528490"},{"taxonomy":"post_tag","embeddable":true,"href":"https:\/\/www.auctavia.fr\/aucta21\/wp-json\/wp\/v2\/tags?post=987528490"}],"curies":[{"name":"wp","href":"https:\/\/api.w.org\/{rel}","templated":true}]}}